{"id":3489158,"date":"2026-09-03T10:29:52","date_gmt":"2026-09-03T14:29:52","guid":{"rendered":"https:\/\/www.episcopalchurch.org\/?p=3489158"},"modified":"2026-09-03T10:41:27","modified_gmt":"2026-09-03T14:41:27","slug":"oraciones-semanales-relacionadas-con-el-testimonio-publico-4-de-septiembre","status":"publish","type":"post","link":"https:\/\/www.episcopalchurch.org\/es\/oraciones\/oraciones-semanales-relacionadas-con-el-testimonio-publico-4-de-septiembre\/","title":{"rendered":"Oraciones semanales relacionadas con el testimonio p\u00fablico \u2013 4 de septiembre"},"content":{"rendered":"\n<p class=\"has-text-align-center wp-block-paragraph\"><em>Si Dios no fuera mi socorro,<br>ya habitar\u00eda yo en el reino del silencio.<br>Cuando dec\u00eda \u00ab mi pie resbala \u00bb,<br>tu amor, Se\u00f1or, fue mi sustento.<br>En medio de mis ansiedades,<br>tu consuelo me deleita. (Salmo 94:17-19)  <\/em><\/p>\n\n\n\n<p class=\"wp-block-paragraph\">Acomp\u00e1\u00f1enos cada semana mientras compartimos nuevas oraciones por las personas m\u00e1s vulnerables entre nosotros, por quienes afrontan desaf\u00edos, miedos y amenazas. Recordaremos muchos de los da\u00f1os que se est\u00e1n produciendo y reconoceremos lo que se est\u00e1 eliminando, perdiendo o poniendo en peligro. <\/p>\n\n\n\n<p class=\"wp-block-paragraph\">Estas oraciones no sustituyen a la acci\u00f3n; su prop\u00f3sito es, m\u00e1s bien, ofrecer un espacio para el arraigo y el discernimiento mientras intentamos sostenernos mutuamente en el amor y a la manera de Cristo. <\/p>\n\n\n\n<p class=\"wp-block-paragraph\"><a href=\"https:\/\/zoom.us\/j\/91927421793?pwd=iLmJlBNIaj8MgPEXsoHcsIdlZ6W3XC.1\" target=\"_blank\" rel=\"noopener\">\u00danase por Zoom<\/a> <strong>cada lunes a las 11:45 h ET<\/strong> para <strong>escuchar las oraciones en voz alta<\/strong>, en el contexto de una liturgia sencilla, rezadas por los miembros de la Comunidad de Francisco y Clara.<\/p>\n\n\n\n<figure class=\"wp-block-image size-large\"><a href=\"https:\/\/www.episcopalchurch.org\/wp-content\/uploads\/2026\/09\/SP-Prayers-One-Page-09.04.26.pdf\"><img loading=\"lazy\" decoding=\"async\" width=\"791\" height=\"1024\" src=\"https:\/\/www.episcopalchurch.org\/wp-content\/uploads\/2026\/09\/SP-Prayers-One-Page-09.04.26-791x1024.png\" alt=\"\" class=\"wp-image-3489159\" srcset=\"https:\/\/www.episcopalchurch.org\/wp-content\/uploads\/2026\/09\/SP-Prayers-One-Page-09.04.26-791x1024.png 791w, https:\/\/www.episcopalchurch.org\/wp-content\/uploads\/2026\/09\/SP-Prayers-One-Page-09.04.26-232x300.png 232w, https:\/\/www.episcopalchurch.org\/wp-content\/uploads\/2026\/09\/SP-Prayers-One-Page-09.04.26-768x994.png 768w, https:\/\/www.episcopalchurch.org\/wp-content\/uploads\/2026\/09\/SP-Prayers-One-Page-09.04.26-1187x1536.png 1187w, https:\/\/www.episcopalchurch.org\/wp-content\/uploads\/2026\/09\/SP-Prayers-One-Page-09.04.26-1583x2048.png 1583w, https:\/\/www.episcopalchurch.org\/wp-content\/uploads\/2026\/09\/SP-Prayers-One-Page-09.04.26-scaled.png 1978w\" sizes=\"auto, (max-width: 791px) 100vw, 791px\" \/><\/a><figcaption class=\"wp-element-caption\"><em>Haga clic en la imagen superior para descargar la versi\u00f3n en PDF de las oraciones y utilizarlas como encartes de bolet\u00edn o distribuirlas<\/em>.<\/figcaption><\/figure>\n\n\n\n<p class=\"wp-block-paragraph\"><strong>Por quienes viven con temor ante los ataques con drones<\/strong><\/p>\n\n\n\n<p class=\"wp-block-paragraph\">Dios de paz, cuyo Hijo comparti\u00f3 plenamente la vulnerabilidad de la vida humana, oramos por todas las personas que han muerto o resultado heridas a causa de ataques con drones, y por quienes viven con temor ante estos ataques, especialmente en Sud\u00e1n. Lamentamos las p\u00e9rdidas y el sufrimiento que dejan a su paso estos ataques, as\u00ed como el dolor de quienes tambi\u00e9n resultaron afectados al tratar de rescatar a otras personas y el de las familias que viven con el temor de los ataques. Concede sabidur\u00eda y mesura a quienes manejan estas armas. Pon fin a la violencia que convierte estas armas en instrumentos para sembrar el miedo, y acerca a quienes est\u00e1n divididos por el conflicto al di\u00e1logo, la reconciliaci\u00f3n y a una paz justa y duradera. No permitas nunca que la distancia que crea la tecnolog\u00eda entre quienes llevan a cabo los ataques y quienes sufren sus consecuencias eclipse nuestra humanidad com\u00fan. En el nombre de Jesucristo, nuestro Pr\u00edncipe de Paz. Am\u00e9n.<\/p>\n\n\n\n<p class=\"wp-block-paragraph\"><strong>Por quienes corren el riesgo de regresar una situaci\u00f3n de violencia e inseguridad <\/strong><\/p>\n\n\n\n<p class=\"wp-block-paragraph\">Dios de refugio, que escuchaste el clamor de tu pueblo en el exilio, oramos por las personas de Hait\u00ed que se enfrentan al regreso a un pa\u00eds que sigue marcado por la violencia armada, el desplazamiento, el hambre y la inseguridad. Te encomendamos a todas las personas que han perdido el Estatus de Protecci\u00f3n Temporal en Estados Unidos y que ahora corren el riesgo de ser deportadas, a pesar de la violencia y la inestabilidad que a\u00fan persisten. Lamentamos que las medidas de protecci\u00f3n lleguen a su fin cuando a\u00fan persisten graves peligros, y que los padres se vean obligados a elegir entre exponer a sus hijos a situaciones de peligro o dejarlos al cuidado de otras personas. Protege a quienes tengan que regresar sin recursos ni un lugar seguro al que volver. Fortalece al pueblo de Hait\u00ed y a todas las personas que trabajan por la paz, la seguridad y un gobierno justo. Concede sabidur\u00eda y compasi\u00f3n a quienes est\u00e1n a cargo de las decisiones relativas al refugio y al retorno, para que nadie sea enviado deliberadamente a una situaci\u00f3n de peligro. Por Jesucristo, que tambi\u00e9n fue llevado a un lugar seguro para escapar de la violencia. Am\u00e9n.<\/p>\n\n\n\n<p class=\"wp-block-paragraph\"><strong>Por quienes se han quedado sin asistencia tras los recortes de USAID<\/strong><\/p>\n\n\n\n<p class=\"wp-block-paragraph\">Dios de compasi\u00f3n, cuyo Hijo se acerc\u00f3 a quienes estaban necesitados y nos ense\u00f1\u00f3 a reconocer en el extranjero a nuestro pr\u00f3jimo, oramos por todas las personas que dependen de la ayuda humanitaria y de las redes de apoyo que sostienen a las comunidades en lugares marcados por la pobreza, el desplazamiento y la guerra. Oramos especialmente por las comunidades de Nepal donde los recortes de USAID han provocado un aumento de las complicaciones durante el embarazo y de las muertes. Lamentamos que se reduzcan o desaparezcan los servicios de atenci\u00f3n prenatal y los programas de salud comunitaria y de nutrici\u00f3n, as\u00ed como otros servicios esenciales. Ahora, ante las devastadoras inundaciones que han causado nuevas p\u00e9rdidas y desplazamientos en Nepal, oramos por quienes necesitan atenci\u00f3n y asistencia m\u00e1s que nunca. Fortalece al personal de salud y a las organizaciones locales que siguen prestando sus servicios con recursos cada vez m\u00e1s limitados. Inf\u00fandeles generosidad y sabidur\u00eda a quienes, desde los gobiernos, las instituciones y las organizaciones donantes, deben tomar decisiones dif\u00edciles para que, en el ejercicio de una gesti\u00f3n responsable de los recursos, nunca se pierdan de vista las necesidades urgentes. Ayuda a las comunidades a generar los recursos y la resiliencia necesarios para seguir desarroll\u00e1ndose sin asistencia externa, y recu\u00e9rdanos que las soluciones a largo plazo no pueden sustituir la atenci\u00f3n inmediata cuando ya hay vidas en peligro. Por tu Esp\u00edritu Santo, l\u00edbranos de la indiferencia y ens\u00e9\u00f1anos a reconocer a nuestro pr\u00f3jimo en aquellas personas cuyo sufrimiento quiz\u00e1 nunca lleguemos a conocer. Am\u00e9n.<\/p>\n","protected":false},"excerpt":{"rendered":"<p>Si Dios no fuera mi socorro,ya habitar\u00eda yo en el reino del silencio.Cuando dec\u00eda \u00ab mi pie resbala \u00bb,tu amor, Se\u00f1or, fue mi sustento.En medio de mis ansiedades,tu consuelo me deleita. (Salmo 94:17-19) Acomp\u00e1\u00f1enos cada semana mientras compartimos nuevas oraciones por las personas m\u00e1s vulnerables entre nosotros, por quienes afrontan desaf\u00edos, miedos y amenazas. Recordaremos&#8230;<\/p>\n","protected":false},"author":6,"featured_media":0,"comment_status":"closed","ping_status":"closed","sticky":false,"template":"","format":"standard","meta":{"_acf_changed":false,"_tec_requires_first_save":true,"_kad_blocks_custom_css":"","_kad_blocks_head_custom_js":"","_kad_blocks_body_custom_js":"","_kad_blocks_footer_custom_js":"","_EventAllDay":false,"_EventTimezone":"","_EventStartDate":"","_EventEndDate":"","_EventStartDateUTC":"","_EventEndDateUTC":"","_EventShowMap":false,"_EventShowMapLink":false,"_EventURL":"","_EventCost":"","_EventCostDescription":"","_EventCurrencySymbol":"","_EventCurrencyCode":"","_EventCurrencyPosition":"","_EventDateTimeSeparator":"","_EventTimeRangeSeparator":"","_EventOrganizerID":[],"_EventVenueID":[],"_OrganizerEmail":"","_OrganizerPhone":"","_OrganizerWebsite":"","_VenueAddress":"","_VenueCity":"","_VenueCountry":"","_VenueProvince":"","_VenueState":"","_VenueZip":"","_VenuePhone":"","_VenueURL":"","_VenueStateProvince":"","_VenueLat":"","_VenueLng":"","_VenueShowMap":false,"_VenueShowMapLink":false,"_tribe_blocks_recurrence_rules":"","_tribe_blocks_recurrence_description":"","_tribe_blocks_recurrence_exclusions":"","_kad_post_transparent":"","_kad_post_title":"","_kad_post_layout":"","_kad_post_sidebar_id":"","_kad_post_content_style":"","_kad_post_vertical_padding":"","_kad_post_feature":"","_kad_post_feature_position":"","_kad_post_header":false,"_kad_post_footer":false,"_kad_post_classname":"","ep_exclude_from_search":false,"footnotes":"","_links_to":"","_links_to_target":""},"categories":[1979],"tags":[1980],"class_list":["post-3489158","post","type-post","status-publish","format-standard","hentry","category-oraciones","tag-oraciones-semanales-relacionadas-con-el-testimonio-publico"],"acf":[],"taxonomy_info":{"category":[{"value":1979,"label":"Oraciones"}],"post_tag":[{"value":1980,"label":"Oraciones semanales relacionadas con el testimonio p\u00fablico"}]},"featured_image_src_large":false,"author_info":{"display_name":"Chris Sikkema","author_link":"https:\/\/www.episcopalchurch.org\/es\/author\/csikkema\/"},"comment_info":0,"category_info":[{"term_id":1979,"name":"Oraciones","slug":"oraciones","term_group":0,"term_taxonomy_id":1979,"taxonomy":"category","description":"","parent":0,"count":79,"filter":"raw","cat_ID":1979,"category_count":79,"category_description":"","cat_name":"Oraciones","category_nicename":"oraciones","category_parent":0}],"tag_info":[{"term_id":1980,"name":"Oraciones semanales relacionadas con el testimonio p\u00fablico","slug":"oraciones-semanales-relacionadas-con-el-testimonio-publico","term_group":0,"term_taxonomy_id":1980,"taxonomy":"post_tag","description":"","parent":0,"count":43,"filter":"raw"}],"_links":{"self":[{"href":"https:\/\/www.episcopalchurch.org\/es\/wp-json\/wp\/v2\/posts\/3489158","targetHints":{"allow":["GET"]}}],"collection":[{"href":"https:\/\/www.episcopalchurch.org\/es\/wp-json\/wp\/v2\/posts"}],"about":[{"href":"https:\/\/www.episcopalchurch.org\/es\/wp-json\/wp\/v2\/types\/post"}],"author":[{"embeddable":true,"href":"https:\/\/www.episcopalchurch.org\/es\/wp-json\/wp\/v2\/users\/6"}],"replies":[{"embeddable":true,"href":"https:\/\/www.episcopalchurch.org\/es\/wp-json\/wp\/v2\/comments?post=3489158"}],"version-history":[{"count":1,"href":"https:\/\/www.episcopalchurch.org\/es\/wp-json\/wp\/v2\/posts\/3489158\/revisions"}],"predecessor-version":[{"id":3489165,"href":"https:\/\/www.episcopalchurch.org\/es\/wp-json\/wp\/v2\/posts\/3489158\/revisions\/3489165"}],"wp:attachment":[{"href":"https:\/\/www.episcopalchurch.org\/es\/wp-json\/wp\/v2\/media?parent=3489158"}],"wp:term":[{"taxonomy":"category","embeddable":true,"href":"https:\/\/www.episcopalchurch.org\/es\/wp-json\/wp\/v2\/categories?post=3489158"},{"taxonomy":"post_tag","embeddable":true,"href":"https:\/\/www.episcopalchurch.org\/es\/wp-json\/wp\/v2\/tags?post=3489158"}],"curies":[{"name":"wp","href":"https:\/\/api.w.org\/{rel}","templated":true}]}}