{"id":3489216,"date":"2026-09-03T15:03:30","date_gmt":"2026-09-03T19:03:30","guid":{"rendered":"https:\/\/www.episcopalchurch.org\/?p=3489216"},"modified":"2026-09-03T15:04:45","modified_gmt":"2026-09-03T19:04:45","slug":"la-ofrenda-unida-de-accion-de-gracias-invita-a-presentar-solicitudes-de-subvenciones-para-2027","status":"publish","type":"post","link":"https:\/\/www.episcopalchurch.org\/es\/uncategorized\/la-ofrenda-unida-de-accion-de-gracias-invita-a-presentar-solicitudes-de-subvenciones-para-2027\/","title":{"rendered":"La Ofrenda Unida de Acci\u00f3n de Gracias invita a presentar solicitudes de subvenciones para 2027"},"content":{"rendered":"\n<p class=\"wp-block-paragraph\">La Junta de la Ofrenda Unida de Acci\u00f3n de Gracias anuncia la apertura de su <a href=\"https:\/\/unitedthankoffering.com\/esp\/\">proceso anual de subvenciones para 2027<\/a>, con un enfoque en proyectos que buscan conectar ls iglesias, las di\u00f3cesis y las provincias con las necesidades \u00fanicas de sus comunidades locales. Se les pide a los solicitantes de esta convocatoria que respeten tres fechas l\u00edmite para completar el proceso: <strong>4 de diciembre, 8 de enero<\/strong> y <strong>5 de febrero<\/strong>.<\/p>\n\n\n\n<ul class=\"wp-block-list\">\n<li><strong>4 de diciembre, antes de las 5 p. m. hora del este<\/strong>: para los solicitantes de Estados Unidos, esta es la fecha l\u00edmite para presentarle una propuesta y auditor\u00eda de proyecto de subvenci\u00f3n a su obispo. Los solicitantes que viven fuera de EE. UU. deben <a href=\"https:\/\/dfms.formstack.com\/forms\/2027proposal\">enviar su propuesta en l\u00ednea<\/a> a la Ofrenda Unida de Acci\u00f3n de Gracias a m\u00e1s tardar en esta fecha para poder continuar con el proceso.<\/li>\n<\/ul>\n\n\n\n<ul class=\"wp-block-list\">\n<li><strong>8 de enero, antes de las 5 p. m. hora del este<\/strong>: todos los solicitantes deben enviar los documentos preliminares antes de esta fecha para poder continuar. Estos documentos se revisar\u00e1n, y los comentarios se enviar\u00e1n antes de la fecha l\u00edmite para la entrega final.<\/li>\n<\/ul>\n\n\n\n<ul class=\"wp-block-list\">\n<li><strong>5 de febrero, antes de las 5 p. m. hora del este:<\/strong> deben enviarse todos los documentos completos. No se pueden aceptar entregas tard\u00edas. Solo los solicitantes que hayan cumplido con la fecha l\u00edmite anterior podr\u00e1n enviar los documentos finales.<\/li>\n<\/ul>\n\n\n\n<p class=\"wp-block-paragraph\">Aqu\u00ed podr\u00e1 encontrar los materiales de solicitud, los criterios, la informaci\u00f3n detallada sobre fechas l\u00edmite y otros recursos en l\u00ednea en <a href=\"https:\/\/unitedthankoffering.com\/apply\/\">ingl\u00e9s<\/a> y <a href=\"https:\/\/unitedthankoffering.com\/esp\/\">espa\u00f1ol<\/a>. Se anima a los solicitantes a inscribirse para recibir apoyo individual durante <a href=\"https:\/\/scheduler.zoom.us\/heather-melton\/uto-grants-office-hours\">el horario de oficina abierta<\/a> este oto\u00f1o con el personal de la Ofrenda Unida de Acci\u00f3n de Gracias.<br><br>El enfoque de las subvenciones para el trienio 2026-2028 est\u00e1 inspirado en el marco anglicano fundamental de las Escrituras, la tradici\u00f3n y la raz\u00f3n. El enfoque de las subvenciones para 2027 destaca la idea de que \u201cnosotros\u201d somos \u201clos dones de Dios para el pueblo de Dios\u201d, como se se\u00f1ala en el Libro de Oraci\u00f3n Com\u00fan, y adem\u00e1s incorpora el concepto de una \u201ceconom\u00eda de dones\u201d que se analiza en el libro de Robin Wall Kimmerer <em>The Serviceberry<\/em>, dijo el Rvdo. Rowan Larson, presidente del comit\u00e9 de subvenciones de la Ofrenda Unida de Acci\u00f3n de Gracias.<br><br>\u201cEste a\u00f1o, toda la junta ha quedado cautivada por <em>The Serviceberry<\/em>\u201d, dijo Rowan. \u201cLa autora escribe acerca de un tipo de econom\u00eda diferente a la que reportan <em>The Wall Street Journal<\/em> y <em>The New York Times<\/em>. Describe una econom\u00eda basada en dones y gratitud que se parece mucho a la econom\u00eda del reino de los cielos que Jes\u00fas describe en los Evangelios.<br><br>\u201cNos inspiramos para pedirles a las iglesias, las di\u00f3cesis y las provincias que so\u00f1aran acerca de c\u00f3mo conectar\u00edan sus dones \u00fanicos con las necesidades \u00fanicas de la comunidad que las rodea\u201d, dijo Rowan. \u201cEsperamos recibir solicitudes para proyectos que sean espec\u00edficos del lugar donde se encuentran los solicitantes, as\u00ed como proyectos que generen algo que pueda compartirse con la comunidad\u201d.<\/p>\n\n\n\n<p class=\"wp-block-paragraph\"><a href=\"https:\/\/www.episcopalchurch.org\/es\/news-types\/featured-news-announcements\/united-thank-offering-awards-nearly-1m-for-25-projects-across-the-episcopal-church-and-anglican-communion-es\/\">El a\u00f1o pasado<\/a>, se otorg\u00f3 casi US$1 mill\u00f3n en fondos para subvenciones de la Ofrenda Unida de Acci\u00f3n de Gracias, los cuales apoyaron 25 proyectos de misi\u00f3n y ministerio en todo el mundo. Desde 1883, el ministerio ha otorgado m\u00e1s de 5,400 subvenciones que suman m\u00e1s de US$145 millones para apoyar proyectos en toda la Iglesia Episcopal y la Comuni\u00f3n Anglicana.<br><br><a href=\"https:\/\/unitedthankoffering.com\/esp\/\">Obtenga m\u00e1s informaci\u00f3n sobre la Ofrenda Unida de Acci\u00f3n de Gracias<\/a>.<em><\/em><\/p>\n","protected":false},"excerpt":{"rendered":"<p>La Junta de la Ofrenda Unida de Acci\u00f3n de Gracias anuncia la apertura de su proceso anual de subvenciones para 2027, con un enfoque en proyectos que buscan conectar ls iglesias, las di\u00f3cesis y las provincias con las necesidades \u00fanicas de sus comunidades locales. Se les pide a los solicitantes de esta convocatoria que respeten tres fechas l\u00edmite para completar el proceso: 4 de diciembre, 8 de enero y 5 de febrero.<\/p>\n","protected":false},"author":20,"featured_media":954756,"comment_status":"closed","ping_status":"closed","sticky":false,"template":"","format":"standard","meta":{"_acf_changed":false,"_tec_requires_first_save":true,"_kad_blocks_custom_css":"","_kad_blocks_head_custom_js":"","_kad_blocks_body_custom_js":"","_kad_blocks_footer_custom_js":"","_EventAllDay":false,"_EventTimezone":"","_EventStartDate":"","_EventEndDate":"","_EventStartDateUTC":"","_EventEndDateUTC":"","_EventShowMap":false,"_EventShowMapLink":false,"_EventURL":"","_EventCost":"","_EventCostDescription":"","_EventCurrencySymbol":"","_EventCurrencyCode":"","_EventCurrencyPosition":"","_EventDateTimeSeparator":"","_EventTimeRangeSeparator":"","_EventOrganizerID":[],"_EventVenueID":[],"_OrganizerEmail":"","_OrganizerPhone":"","_OrganizerWebsite":"","_VenueAddress":"","_VenueCity":"","_VenueCountry":"","_VenueProvince":"","_VenueState":"","_VenueZip":"","_VenuePhone":"","_VenueURL":"","_VenueStateProvince":"","_VenueLat":"","_VenueLng":"","_VenueShowMap":false,"_VenueShowMapLink":false,"_tribe_blocks_recurrence_rules":"","_tribe_blocks_recurrence_description":"","_tribe_blocks_recurrence_exclusions":"","_kad_post_transparent":"","_kad_post_title":"","_kad_post_layout":"","_kad_post_sidebar_id":"","_kad_post_content_style":"","_kad_post_vertical_padding":"","_kad_post_feature":"","_kad_post_feature_position":"","_kad_post_header":false,"_kad_post_footer":false,"_kad_post_classname":"","ep_exclude_from_search":false,"footnotes":"","_links_to":"","_links_to_target":""},"categories":[1961,480,1],"tags":[],"class_list":["post-3489216","post","type-post","status-publish","format-standard","has-post-thumbnail","hentry","category-public-affairs","category-sin-categorizar","category-uncategorized"],"acf":[],"taxonomy_info":{"category":[{"value":1961,"label":"Public Affairs"},{"value":480,"label":"Sin categorizar"},{"value":1,"label":"Uncategorized"}]},"featured_image_src_large":["https:\/\/www.episcopalchurch.org\/wp-content\/uploads\/2026\/06\/UTO-Intro-1024x566.png",1024,566,true],"author_info":{"display_name":"Lisa Webb","author_link":"https:\/\/www.episcopalchurch.org\/es\/author\/lwebb\/"},"comment_info":0,"category_info":[{"term_id":1961,"name":"Public Affairs","slug":"public-affairs","term_group":0,"term_taxonomy_id":1961,"taxonomy":"category","description":"","parent":0,"count":2416,"filter":"raw","cat_ID":1961,"category_count":2416,"category_description":"","cat_name":"Public Affairs","category_nicename":"public-affairs","category_parent":0},{"term_id":480,"name":"Sin categorizar","slug":"sin-categorizar","term_group":0,"term_taxonomy_id":480,"taxonomy":"category","description":"","parent":0,"count":68,"filter":"raw","cat_ID":480,"category_count":68,"category_description":"","cat_name":"Sin categorizar","category_nicename":"sin-categorizar","category_parent":0},{"term_id":1,"name":"Uncategorized","slug":"uncategorized","term_group":0,"term_taxonomy_id":1,"taxonomy":"category","description":"","parent":0,"count":68,"filter":"raw","cat_ID":1,"category_count":68,"category_description":"","cat_name":"Uncategorized","category_nicename":"uncategorized","category_parent":0}],"tag_info":false,"_links":{"self":[{"href":"https:\/\/www.episcopalchurch.org\/es\/wp-json\/wp\/v2\/posts\/3489216","targetHints":{"allow":["GET"]}}],"collection":[{"href":"https:\/\/www.episcopalchurch.org\/es\/wp-json\/wp\/v2\/posts"}],"about":[{"href":"https:\/\/www.episcopalchurch.org\/es\/wp-json\/wp\/v2\/types\/post"}],"author":[{"embeddable":true,"href":"https:\/\/www.episcopalchurch.org\/es\/wp-json\/wp\/v2\/users\/20"}],"replies":[{"embeddable":true,"href":"https:\/\/www.episcopalchurch.org\/es\/wp-json\/wp\/v2\/comments?post=3489216"}],"version-history":[{"count":1,"href":"https:\/\/www.episcopalchurch.org\/es\/wp-json\/wp\/v2\/posts\/3489216\/revisions"}],"predecessor-version":[{"id":3489217,"href":"https:\/\/www.episcopalchurch.org\/es\/wp-json\/wp\/v2\/posts\/3489216\/revisions\/3489217"}],"wp:featuredmedia":[{"embeddable":true,"href":"https:\/\/www.episcopalchurch.org\/es\/wp-json\/wp\/v2\/media\/954756"}],"wp:attachment":[{"href":"https:\/\/www.episcopalchurch.org\/es\/wp-json\/wp\/v2\/media?parent=3489216"}],"wp:term":[{"taxonomy":"category","embeddable":true,"href":"https:\/\/www.episcopalchurch.org\/es\/wp-json\/wp\/v2\/categories?post=3489216"},{"taxonomy":"post_tag","embeddable":true,"href":"https:\/\/www.episcopalchurch.org\/es\/wp-json\/wp\/v2\/tags?post=3489216"}],"curies":[{"name":"wp","href":"https:\/\/api.w.org\/{rel}","templated":true}]}}